{"id":611,"date":"2015-10-23T14:43:10","date_gmt":"2015-10-23T12:43:10","guid":{"rendered":"http:\/\/insaneboard.de\/blog\/?p=611"},"modified":"2015-12-17T19:27:47","modified_gmt":"2015-12-17T17:27:47","slug":"gruenstich-bei-grauschwarztoenen","status":"publish","type":"post","link":"http:\/\/insaneboard.de\/blog\/?p=611","title":{"rendered":"Gr\u00fcnstich bei Grau\/Schwarzt\u00f6nen"},"content":{"rendered":"<p><span style=\"text-decoration: underline;\">Update 17.12.2015<\/span><br \/>\nstellt sicher, dass die Aufl\u00f6sung der Quelle 720P 60HZ oder 1080P 60HZ ist. Aufl\u00f6sungen im Interlaced Modus oder anderer Frequenz k\u00f6nnen Probleme beim Converter verursachen (gr\u00fcne\/rote Streifen) diese Farbfehler werden auch an die LED&#8217;s wiedergegeben.<\/p>\n<div style=\"width: 625px;\" class=\"wp-video\"><!--[if lt IE 9]><script>document.createElement('video');<\/script><![endif]-->\n<video class=\"wp-video-shortcode\" id=\"video-611-1\" width=\"625\" height=\"352\" preload=\"metadata\" controls=\"controls\"><source type=\"video\/mp4\" src=\"http:\/\/insaneboard.de\/blog\/wp-content\/uploads\/2015\/10\/IMG_20151217_171655_x264_001.mp4?_=1\" \/><a href=\"http:\/\/insaneboard.de\/blog\/wp-content\/uploads\/2015\/10\/IMG_20151217_171655_x264_001.mp4\">http:\/\/insaneboard.de\/blog\/wp-content\/uploads\/2015\/10\/IMG_20151217_171655_x264_001.mp4<\/a><\/video><\/div>\n<p>&nbsp;<\/p>\n<p><span style=\"text-decoration: underline;\">Update 30.10.2015<\/span><br \/>\nEin Kunde hat folgendes berichtet;<br \/>\nWenn ich\u00a0GAMMA\u00a0GREEN von 1,85 auf 2,16 \u00e4ndere\u00a0ist beim schwarzen Bild\u00a0der LED-Gr\u00fcnstich\u00a0fast weg.<\/p>\n<p>Pr\u00fcft erst mal ob die Blacklevel Werte auf 0 stehen! Siehe <a href=\"http:\/\/insaneboard.de\/blog\/?p=624\" target=\"_blank\">hier<\/a><\/p>\n<p>Ein Kunde hat uns das folgende Problem geschildert:<\/p>\n<p>Bei dunkel Szenen sind die LED&#8217;s nicht aus, sondern leuchten leicht gr\u00fcn. Diesen Fehler hat der HDMI-AV Konverter verursacht, nach Tausch war alles ok.<\/p>\n<p><a href=\"http:\/\/insaneboard.de\/blog\/wp-content\/uploads\/2015\/10\/converter-hdmi-to-av.jpg\"><img loading=\"lazy\" decoding=\"async\" class=\"alignnone wp-image-616\" src=\"http:\/\/insaneboard.de\/blog\/wp-content\/uploads\/2015\/10\/converter-hdmi-to-av-300x300.jpg\" alt=\"converter-hdmi-to-av\" width=\"157\" height=\"157\" srcset=\"http:\/\/insaneboard.de\/blog\/wp-content\/uploads\/2015\/10\/converter-hdmi-to-av-300x300.jpg 300w, http:\/\/insaneboard.de\/blog\/wp-content\/uploads\/2015\/10\/converter-hdmi-to-av-150x150.jpg 150w, http:\/\/insaneboard.de\/blog\/wp-content\/uploads\/2015\/10\/converter-hdmi-to-av.jpg 600w\" sizes=\"auto, (max-width: 157px) 100vw, 157px\" \/><\/a><\/p>\n<p>Hier einige Screenshots die der USB Grabber bekommen hat.<\/p>\n<p><a href=\"http:\/\/insaneboard.de\/blog\/wp-content\/uploads\/2015\/10\/gruen-insanelight.png\" target=\"_blank\"><img loading=\"lazy\" decoding=\"async\" class=\"alignnone wp-image-613 size-thumbnail\" src=\"http:\/\/insaneboard.de\/blog\/wp-content\/uploads\/2015\/10\/gruen-insanelight-150x150.png\" alt=\"gruen-insanelight\" width=\"150\" height=\"150\" \/><\/a>\u00a0<a href=\"http:\/\/insaneboard.de\/blog\/wp-content\/uploads\/2015\/10\/gruen-insanelight2.png\" target=\"_blank\"><img loading=\"lazy\" decoding=\"async\" class=\"alignnone wp-image-614 size-thumbnail\" src=\"http:\/\/insaneboard.de\/blog\/wp-content\/uploads\/2015\/10\/gruen-insanelight2-150x150.png\" alt=\"gruen-insanelight2\" width=\"150\" height=\"150\" \/><\/a>\u00a0<a href=\"http:\/\/insaneboard.de\/blog\/wp-content\/uploads\/2015\/10\/gruen-insanelight3.png\" target=\"_blank\"><img loading=\"lazy\" decoding=\"async\" class=\"alignnone wp-image-615 size-thumbnail\" src=\"http:\/\/insaneboard.de\/blog\/wp-content\/uploads\/2015\/10\/gruen-insanelight3-150x150.png\" alt=\"gruen-insanelight3\" width=\"150\" height=\"150\" \/><\/a><\/p>\n<p>und hier als Video<\/p>\n<div style=\"width: 625px;\" class=\"wp-video\"><video class=\"wp-video-shortcode\" id=\"video-611-2\" width=\"625\" height=\"352\" preload=\"metadata\" controls=\"controls\"><source type=\"video\/mp4\" src=\"http:\/\/insaneboard.de\/blog\/wp-content\/uploads\/2015\/10\/Fehler-Insanelight-Test-Graut\u00f6ne-Gr\u00fcn-Video.mp4?_=2\" \/><a href=\"http:\/\/insaneboard.de\/blog\/wp-content\/uploads\/2015\/10\/Fehler-Insanelight-Test-Graut\u00f6ne-Gr\u00fcn-Video.mp4\">http:\/\/insaneboard.de\/blog\/wp-content\/uploads\/2015\/10\/Fehler-Insanelight-Test-Graut\u00f6ne-Gr\u00fcn-Video.mp4<\/a><\/video><\/div>\n<p>&nbsp;<\/p>\n<div style=\"width: 625px;\" class=\"wp-video\"><video class=\"wp-video-shortcode\" id=\"video-611-3\" width=\"625\" height=\"352\" preload=\"metadata\" controls=\"controls\"><source type=\"video\/mp4\" src=\"http:\/\/insaneboard.de\/blog\/wp-content\/uploads\/2015\/10\/Fehler-Insanelight-_-Hyperion-Test-Apple-TV.mp4?_=3\" \/><a href=\"http:\/\/insaneboard.de\/blog\/wp-content\/uploads\/2015\/10\/Fehler-Insanelight-_-Hyperion-Test-Apple-TV.mp4\">http:\/\/insaneboard.de\/blog\/wp-content\/uploads\/2015\/10\/Fehler-Insanelight-_-Hyperion-Test-Apple-TV.mp4<\/a><\/video><\/div>\n<p>&nbsp;<\/p>\n<p>Einen Gr\u00fcnstich kann auch ein defekter USB Grabber verursachen. Stellt auch sicher, dass Ihr einen Grabber mit dem UTV007 (Fushicai) Chipsatz habt<a href=\"http:\/\/insaneboard.de\/blog\/wp-content\/uploads\/2015\/10\/utv007.jpg\"><img loading=\"lazy\" decoding=\"async\" class=\"alignnone size-medium wp-image-652\" src=\"http:\/\/insaneboard.de\/blog\/wp-content\/uploads\/2015\/10\/utv007-300x289.jpg\" alt=\"utv007\" width=\"300\" height=\"289\" srcset=\"http:\/\/insaneboard.de\/blog\/wp-content\/uploads\/2015\/10\/utv007-300x289.jpg 300w, http:\/\/insaneboard.de\/blog\/wp-content\/uploads\/2015\/10\/utv007.jpg 571w\" sizes=\"auto, (max-width: 300px) 100vw, 300px\" \/><\/a><\/p>\n<p>Vielen Dank an unseren\u00a0Kunden, f\u00fcr seine Geduld, Verst\u00e4ndnis und die zur Verf\u00fcgung gestellten Bilder\/Videos<\/p>\n<p>Beachtet, dass es zu Gr\u00fcnstichfehlern kommt wenn die Hardware defekt ist. Es ist v\u00f6llig normal, dass bei dunklen Szenen die LED&#8217;s leicht gr\u00fcn leuchten k\u00f6nnen.<\/p>\n","protected":false},"excerpt":{"rendered":"<p>Update 17.12.2015 stellt sicher, dass die Aufl\u00f6sung der Quelle 720P 60HZ oder 1080P 60HZ ist. Aufl\u00f6sungen im Interlaced Modus oder anderer Frequenz k\u00f6nnen Probleme beim Converter verursachen (gr\u00fcne\/rote Streifen) diese Farbfehler werden auch an die LED&#8217;s wiedergegeben. &nbsp; Update 30.10.2015 Ein Kunde hat folgendes berichtet; Wenn ich\u00a0GAMMA\u00a0GREEN von 1,85 auf 2,16 \u00e4ndere\u00a0ist beim schwarzen Bild\u00a0der [&hellip;]<\/p>\n","protected":false},"author":2,"featured_media":0,"comment_status":"open","ping_status":"open","sticky":false,"template":"","format":"standard","meta":{"footnotes":""},"categories":[2,3],"tags":[],"class_list":["post-611","post","type-post","status-publish","format-standard","hentry","category-insanelight","category-moegliche-fehler"],"_links":{"self":[{"href":"http:\/\/insaneboard.de\/blog\/index.php?rest_route=\/wp\/v2\/posts\/611","targetHints":{"allow":["GET"]}}],"collection":[{"href":"http:\/\/insaneboard.de\/blog\/index.php?rest_route=\/wp\/v2\/posts"}],"about":[{"href":"http:\/\/insaneboard.de\/blog\/index.php?rest_route=\/wp\/v2\/types\/post"}],"author":[{"embeddable":true,"href":"http:\/\/insaneboard.de\/blog\/index.php?rest_route=\/wp\/v2\/users\/2"}],"replies":[{"embeddable":true,"href":"http:\/\/insaneboard.de\/blog\/index.php?rest_route=%2Fwp%2Fv2%2Fcomments&post=611"}],"version-history":[{"count":13,"href":"http:\/\/insaneboard.de\/blog\/index.php?rest_route=\/wp\/v2\/posts\/611\/revisions"}],"predecessor-version":[{"id":752,"href":"http:\/\/insaneboard.de\/blog\/index.php?rest_route=\/wp\/v2\/posts\/611\/revisions\/752"}],"wp:attachment":[{"href":"http:\/\/insaneboard.de\/blog\/index.php?rest_route=%2Fwp%2Fv2%2Fmedia&parent=611"}],"wp:term":[{"taxonomy":"category","embeddable":true,"href":"http:\/\/insaneboard.de\/blog\/index.php?rest_route=%2Fwp%2Fv2%2Fcategories&post=611"},{"taxonomy":"post_tag","embeddable":true,"href":"http:\/\/insaneboard.de\/blog\/index.php?rest_route=%2Fwp%2Fv2%2Ftags&post=611"}],"curies":[{"name":"wp","href":"https:\/\/api.w.org\/{rel}","templated":true}]}}